{"id":337,"date":"2009-04-15T22:01:11","date_gmt":"2009-04-15T21:01:11","guid":{"rendered":"http:\/\/blog.solution.it\/?p=337"},"modified":"2009-04-15T22:09:42","modified_gmt":"2009-04-15T21:09:42","slug":"xx_congresso_nazionale_aip","status":"publish","type":"post","link":"https:\/\/blog.solution.it\/?p=337","title":{"rendered":"XX Congresso Nazionale Associazione Informatici Professionisti"},"content":{"rendered":"<h1 class=\"node-title\">Web 3.0 Innovazione e collaborazione<\/h1>\n<p>Associazione Informatici Professionisti, una delle maggiori organizzazioni di categoria per la professione informatica ha scelto per questo anno la meravigliosa ed internazionale cornice di Assisi come sede di questo evento.<\/p>\n<p>Associazione Informatici Professionisti \u00e8 un\u2019organizzazione no-profit fortemente impegnata per la riforma del sistema professionale ed il seminario di studio nell\u2019ambito del XX Congresso Nazionale affronter\u00e0 il tema della ripresa economica e di come l\u2019Information and Communication Technologies possono aiutarla. I temi proposti sono affrontati con il filo rosso dell\u2019innovazione, della semplificazione e della collaborazione, argomenti cari a chi si trova oggi a governare un qualsiasi modello di business.<\/p>\n<p><!--more-->I temi e gli argomenti di confronto e discussione scelti si propongono di evidenziare il ruolo delle tecnologie informatiche e delle comunicazioni nello sviluppo di attivit\u00e0 di business delle imprese per il recupero di efficienza e competitivit\u00e0 del sistema paese, offrono un contesto informativo professionale e scientifico anche grazie alla partecipazione di numerose universit\u00e0 italiane.<\/p>\n<p>In particolare saranno trattati\u00a0 temi relativi a Web semantico, Analisi intelligente dei dati ed utilizzi della profilazione, Scalable Vector Graphics, Banda larga e potenzialit\u00e0 di distribuzione contenuti, Marketing innovativo e community oriented, Cloud computing ed applicazioni web, Social media e business,Risorse umane e web 2.0.<\/p>\n<p>Superando la definizione di web 2.0, il web 3.0 si pone un obiettivo pi\u00f9 alto definendo nuovi paradigmi tecnologici che ci permettono di interagire in maniera pi\u00f9 agile ed efficace con il nuovo media internet.<br \/>\nGrafiche tridimensionali e scalabili, sistemi esperti e intelligenze artificiali per consultare facilmente grandi e diffusi database, motori di ricerca semantici, nonch\u00e9 le nuove opportunit\u00e0 di lavoro, di business e di marketing innovativo completeranno le attivit\u00e0 del seminario sia attraverso i talk dei relatori, sia con la presenza di demo ed info desk nell\u2019ampio foyer del\u00a0 teatro Lyrick, splendida sede dell&#8217;evento grazie al patrocinio del Comune di Assisi.<\/p>\n<p>L\u2019invito a partecipare \u00e8 rivolto principalmente a professionisti, imprenditori e pubblica amministrazione, ed in particolare ai direttori generali, dei sistemi informativi, marketing, risorse umane, docenti e studenti. Il taglio dell\u2019evento \u00e8 tecnico\/scientifico di carattere divulgativo, la partecipazione \u00e8 gratuita, previa registrazione obbligatoria al sito <a title=\"Sito Ufficiale XX Congresso AIP\" href=\"http:\/\/www.congresso.aipnet.it\" target=\"_self\">www.congresso.aipnet.it<\/a> che \u00e8 gi\u00e0 attivo e dove si pu\u00f2 trovare il programma\u00a0 aggiornato.<\/p>\n<p>La frase di Markoff scelta come motto del Congresso, \u00e8 di evidente impatto:<\/p>\n<p><em>\u201cIn its current state, the Web is often described as being in the Lego phase, with all of its different parts capable of connecting to one another. Those who envision the next phase, Web 3.0, see it as an era when machines will start to do seemingly intelligent things.\u201d John Markoff &#8211; New York Times<\/em><\/p>\n<p><em><br \/>\n<\/em><\/p>\n","protected":false},"excerpt":{"rendered":"<p>Web 3.0 Innovazione e collaborazione Associazione Informatici Professionisti, una delle maggiori organizzazioni di categoria per la professione informatica ha scelto per questo anno la meravigliosa ed internazionale cornice di Assisi come sede di questo evento. Associazione Informatici Professionisti \u00e8 un\u2019organizzazione no-profit fortemente impegnata per la riforma del sistema professionale ed&hellip; <\/p>\n","protected":false},"author":3,"featured_media":0,"comment_status":"open","ping_status":"open","sticky":false,"template":"","format":"standard","meta":{"footnotes":""},"categories":[1],"tags":[32,8],"_links":{"self":[{"href":"https:\/\/blog.solution.it\/index.php?rest_route=\/wp\/v2\/posts\/337"}],"collection":[{"href":"https:\/\/blog.solution.it\/index.php?rest_route=\/wp\/v2\/posts"}],"about":[{"href":"https:\/\/blog.solution.it\/index.php?rest_route=\/wp\/v2\/types\/post"}],"author":[{"embeddable":true,"href":"https:\/\/blog.solution.it\/index.php?rest_route=\/wp\/v2\/users\/3"}],"replies":[{"embeddable":true,"href":"https:\/\/blog.solution.it\/index.php?rest_route=%2Fwp%2Fv2%2Fcomments&post=337"}],"version-history":[{"count":6,"href":"https:\/\/blog.solution.it\/index.php?rest_route=\/wp\/v2\/posts\/337\/revisions"}],"predecessor-version":[{"id":342,"href":"https:\/\/blog.solution.it\/index.php?rest_route=\/wp\/v2\/posts\/337\/revisions\/342"}],"wp:attachment":[{"href":"https:\/\/blog.solution.it\/index.php?rest_route=%2Fwp%2Fv2%2Fmedia&parent=337"}],"wp:term":[{"taxonomy":"category","embeddable":true,"href":"https:\/\/blog.solution.it\/index.php?rest_route=%2Fwp%2Fv2%2Fcategories&post=337"},{"taxonomy":"post_tag","embeddable":true,"href":"https:\/\/blog.solution.it\/index.php?rest_route=%2Fwp%2Fv2%2Ftags&post=337"}],"curies":[{"name":"wp","href":"https:\/\/api.w.org\/{rel}","templated":true}]}}