{"id":389,"date":"2009-06-07T17:38:19","date_gmt":"2009-06-07T16:38:19","guid":{"rendered":"http:\/\/blog.solution.it\/?p=389"},"modified":"2009-06-07T17:52:35","modified_gmt":"2009-06-07T16:52:35","slug":"iii-conferenza-italiana-sul-software-libero","status":"publish","type":"post","link":"https:\/\/blog.solution.it\/?p=389","title":{"rendered":"III Conferenza Italiana sul Software Libero"},"content":{"rendered":"<p>Venerd\u00ec 12 e sabato 13 giugno a Bologna si svolger\u00e0 la III conferenza Italiana sul Software Libero.<br \/>\nNelle due giornate del convegno si confronteranno esperti, sostenitori, Pubbliche Amministrazioni e Aziende e saranno presentate molte\u00a0 esperienze sull&#8217;introduzione dell&#8217;uso del software libero nei vari ambiti, sia pubblici che privati.<br \/>\nSar\u00e0 anche possibile per chi lo desidera, presentare il proprio lavoro in un apposito spazio messo a disposizione dagli organizzatori,\u00a0 lo &#8220;Speaker&#8217;s Corner&#8221;. E&#8217; sufficiente registrarsi tramite la <a title=\"speaker's corner\" href=\"http:\/\/www.confsl.org\/confsl09\/index.php?option=com_content&amp;view=article&amp;id=16&amp;Itemid=19\">pagina del sito<\/a> per avere a disposizione la sala ed il proiettore per qualche decina di\u00a0 minuti.<\/p>\n<p>Ci saremo anche noi del Centro di Competenza sull&#8217;Open Source della Regione Umbria (CCOS), in particolare il Prof. Osvaldo Gervasi, Presidente del CCOS, presenter\u00e0 venerd\u00ec un\u00a0 intervento dal titolo &#8220;Il FLOSS nella pubblica amministrazione umbra dopo due anni di attivit\u00e0 del Centro di Competenza Open Source&#8221; mentre sabato io parteciper\u00f2 alla tavola rotonda &#8220;Free, libre, open source software e Pubblica Amministrazione: PERCH\u00c9&#8217; E COME&#8221; inseme ad altri esperti delle regioni che hanno adottato il software libero.<br \/>\nInvito\u00a0 tutti a partecipare, \u00e8 una occasione da non perdere per mostrare il vero valore del software libero \/ open source.<\/p>\n<p>Ci vediamo a Bologna!<\/p>\n<p>Il sito ufficiale di <a href=\"http:\/\/www.confsl.org\/confsl09\/\">confsl<\/a><\/p>\n","protected":false},"excerpt":{"rendered":"<p>Venerd\u00ec 12 e sabato 13 giugno a Bologna si svolger\u00e0 la III conferenza Italiana sul Software Libero. Nelle due giornate del convegno si confronteranno esperti, sostenitori, Pubbliche Amministrazioni e Aziende e saranno presentate molte\u00a0 esperienze sull&#8217;introduzione dell&#8217;uso del software libero nei vari ambiti, sia pubblici che privati. Sar\u00e0 anche possibile&hellip; <\/p>\n","protected":false},"author":3,"featured_media":0,"comment_status":"open","ping_status":"open","sticky":false,"template":"","format":"standard","meta":{"footnotes":""},"categories":[1],"tags":[32,61,8,33],"_links":{"self":[{"href":"https:\/\/blog.solution.it\/index.php?rest_route=\/wp\/v2\/posts\/389"}],"collection":[{"href":"https:\/\/blog.solution.it\/index.php?rest_route=\/wp\/v2\/posts"}],"about":[{"href":"https:\/\/blog.solution.it\/index.php?rest_route=\/wp\/v2\/types\/post"}],"author":[{"embeddable":true,"href":"https:\/\/blog.solution.it\/index.php?rest_route=\/wp\/v2\/users\/3"}],"replies":[{"embeddable":true,"href":"https:\/\/blog.solution.it\/index.php?rest_route=%2Fwp%2Fv2%2Fcomments&post=389"}],"version-history":[{"count":6,"href":"https:\/\/blog.solution.it\/index.php?rest_route=\/wp\/v2\/posts\/389\/revisions"}],"predecessor-version":[{"id":395,"href":"https:\/\/blog.solution.it\/index.php?rest_route=\/wp\/v2\/posts\/389\/revisions\/395"}],"wp:attachment":[{"href":"https:\/\/blog.solution.it\/index.php?rest_route=%2Fwp%2Fv2%2Fmedia&parent=389"}],"wp:term":[{"taxonomy":"category","embeddable":true,"href":"https:\/\/blog.solution.it\/index.php?rest_route=%2Fwp%2Fv2%2Fcategories&post=389"},{"taxonomy":"post_tag","embeddable":true,"href":"https:\/\/blog.solution.it\/index.php?rest_route=%2Fwp%2Fv2%2Ftags&post=389"}],"curies":[{"name":"wp","href":"https:\/\/api.w.org\/{rel}","templated":true}]}}