{"id":799,"date":"2011-05-16T00:27:57","date_gmt":"2011-05-15T23:27:57","guid":{"rendered":"http:\/\/blog.solution.it\/?p=799"},"modified":"2011-05-16T00:36:08","modified_gmt":"2011-05-15T23:36:08","slug":"e-privacy-2011","status":"publish","type":"post","link":"https:\/\/blog.solution.it\/?p=799","title":{"rendered":"E-privacy 2011"},"content":{"rendered":"<p>Si rinnova l&#8217;appuntamento con E-privacy,\u00a0 uno dei pi\u00f9 importanti eventi italiani con focus sulla riservatezza e sui diritti individuali in Rete, giunto al traguardo della decima edizione.<\/p>\n<p>Dieci anni fa leggevamo sul sito dell&#8217;evento\u00a0 &#8220;<em>Il diffondersi dell&#8217;uso generalizzato di internet e della comunicazione elettronica introduce una serie di nuovi rischi legati al controllo ed al monitoraggio della vita privata dei cittadini, configurando nuove e gravi possibilit\u00e0 di violazione della riservatezza e dei diritti individalla protezione\u00a0 della Privacy<\/em>&#8220;.\u00a0 Dobbiamo con disappunto annotare che questa frase \u00e8 ancora terribilmente attuale.<br \/>\nPer questo,\u00a0 nella prestigiosa cornice di Palazzo Vecchio a Firenze, dal 3 al 4 giugno,\u00a0 esperti si confronteranno sul tema scelto\u00a0 quest&#8217;anno, &#8220;<em>Cloud Computing e Privacy <\/em>&#8221; analizzando questa tecnologia dal punto di vista legale, tecnico e pratico.<\/p>\n<p>Come si pu\u00f2 evincere dal programma delle due giornate, che pu\u00f2 essere consultato sul sito del <a href=\"http:\/\/e-privacy.winstonsmith.org\/interventi.html#programma\">Progetto Winston Smith<\/a>, verranno trattati\u00a0 anche altri temi legati alla privacy ed alla protezione dei dati personali.<\/p>\n<p>Sar\u00f2 presente fra i relatori del convegno per analizzare\u00a0 insieme al collega Eric Falzone le ricadute\u00a0 sulla Privacy dei cittadini del <a href=\"http:\/\/blog.solution.it\/privacy-nuove-semplificazioni-con-il-decreto-sviluppo\/\">decreto legge sviluppo<\/a> approvato dal Governo pochi giorni fa e proporre una riflessione sul significato e sull&#8217;opportunit\u00e0 dell&#8217;applicazione del Codice in materia di protezione dei dati personali cos\u00ec com&#8217;\u00e8 per le piccole e micro imprese.<\/p>\n<p>&nbsp;<\/p>\n<p>&nbsp;<\/p>\n","protected":false},"excerpt":{"rendered":"<p>Si rinnova l&#8217;appuntamento con E-privacy,\u00a0 uno dei pi\u00f9 importanti eventi italiani con focus sulla riservatezza e sui diritti individuali in Rete, giunto al traguardo della decima edizione. Dieci anni fa leggevamo sul sito dell&#8217;evento\u00a0 &#8220;Il diffondersi dell&#8217;uso generalizzato di internet e della comunicazione elettronica introduce una serie di nuovi rischi&hellip; <\/p>\n","protected":false},"author":3,"featured_media":0,"comment_status":"open","ping_status":"open","sticky":false,"template":"","format":"standard","meta":{"footnotes":""},"categories":[1],"tags":[27,32,7,59,18],"_links":{"self":[{"href":"https:\/\/blog.solution.it\/index.php?rest_route=\/wp\/v2\/posts\/799"}],"collection":[{"href":"https:\/\/blog.solution.it\/index.php?rest_route=\/wp\/v2\/posts"}],"about":[{"href":"https:\/\/blog.solution.it\/index.php?rest_route=\/wp\/v2\/types\/post"}],"author":[{"embeddable":true,"href":"https:\/\/blog.solution.it\/index.php?rest_route=\/wp\/v2\/users\/3"}],"replies":[{"embeddable":true,"href":"https:\/\/blog.solution.it\/index.php?rest_route=%2Fwp%2Fv2%2Fcomments&post=799"}],"version-history":[{"count":4,"href":"https:\/\/blog.solution.it\/index.php?rest_route=\/wp\/v2\/posts\/799\/revisions"}],"predecessor-version":[{"id":803,"href":"https:\/\/blog.solution.it\/index.php?rest_route=\/wp\/v2\/posts\/799\/revisions\/803"}],"wp:attachment":[{"href":"https:\/\/blog.solution.it\/index.php?rest_route=%2Fwp%2Fv2%2Fmedia&parent=799"}],"wp:term":[{"taxonomy":"category","embeddable":true,"href":"https:\/\/blog.solution.it\/index.php?rest_route=%2Fwp%2Fv2%2Fcategories&post=799"},{"taxonomy":"post_tag","embeddable":true,"href":"https:\/\/blog.solution.it\/index.php?rest_route=%2Fwp%2Fv2%2Ftags&post=799"}],"curies":[{"name":"wp","href":"https:\/\/api.w.org\/{rel}","templated":true}]}}